{"id":32,"date":"2020-09-28T06:58:08","date_gmt":"2020-09-28T06:58:08","guid":{"rendered":"https:\/\/www.superveloce.hu\/?p=32"},"modified":"2025-03-14T09:27:09","modified_gmt":"2025-03-14T09:27:09","slug":"superveloce-800-serie-oro","status":"publish","type":"post","link":"https:\/\/superveloce.hu\/index.php\/2020\/09\/28\/superveloce-800-serie-oro\/","title":{"rendered":"Mv Agusta Superveloce 800 Serie Oro"},"content":{"rendered":"<p style=\"text-align: center;\"><strong>Az Mv Agusta Superveloce 800 Serie Oro koncepci\u00f3j\u00e1t a 2018-as EICMA-n mutatt\u00e1k be, a 2020-ban gy\u00e1rtand\u00f3 modell el\u0151fut\u00e1rak\u00e9nt. Az egyed\u00fcl\u00e1ll\u00f3 technikai \u00e9s eszt\u00e9tikai tulajdons\u00e1gainak k\u00f6sz\u00f6nhet\u0151en a ker\u00e9kp\u00e1r az egyik legv\u00e1laszt\u00e9kosabb \u00e9s legtrendibb modell lett a t\u00e1rsas\u00e1g t\u00f6rt\u00e9net\u00e9ben.\u00a0<\/strong><\/p>\n<h1 style=\"text-align: center;\">A motort teljes eg\u00e9sz\u00e9ben \u00e1talak\u00edtott\u00e1k a teljes\u00edtm\u00e9ny jav\u00edt\u00e1sa \u00e9rdek\u00e9ben.<\/h1>\n<h3 style=\"text-align: center;\">A kipufog\u00f3rendszer a klasszikus 3 az 1-ben elrendez\u00e9s alapj\u00e1n lett \u00fajratervezve. A cs\u00f6vek aszimmetrikusan vannak elhelyezve, kett\u0151 a jobb oldalon \u00e9s egy a bal oldalon, amelyek olyan jellemz\u0151ket id\u00e9znek fel, amelyeket az \u00e9vek sor\u00e1n az Mv Agusta hagyom\u00e1nyos technikai \u00e9s eszt\u00e9tikai megold\u00e1saiban megszokhattunk.<\/h3>\n<p><img loading=\"lazy\" decoding=\"async\" class=\"size-medium wp-image-35 aligncenter\" src=\"https:\/\/www.superveloce.hu\/wp-content\/uploads\/2020\/09\/gallerySV2-1-300x169.png\" alt=\"\" width=\"300\" height=\"169\" title=\"\" srcset=\"https:\/\/superveloce.hu\/wp-content\/uploads\/2020\/09\/gallerySV2-1-300x169.png 300w, https:\/\/superveloce.hu\/wp-content\/uploads\/2020\/09\/gallerySV2-1-1024x576.png 1024w, https:\/\/superveloce.hu\/wp-content\/uploads\/2020\/09\/gallerySV2-1-768x432.png 768w, https:\/\/superveloce.hu\/wp-content\/uploads\/2020\/09\/gallerySV2-1-1536x865.png 1536w, https:\/\/superveloce.hu\/wp-content\/uploads\/2020\/09\/gallerySV2-1.png 1922w\" sizes=\"auto, (max-width: 300px) 100vw, 300px\" \/><\/p>\n<h3 style=\"text-align: center;\">A fut\u00f3m\u0171 fel\u00e9p\u00edt\u00e9se, a motor \u00e9s a f\u00e9krendszer k\u00f6zvetlen\u00fcl a gyors Mv Agusta F3 800-b\u00f3l sz\u00e1rmazik, n\u00e9h\u00e1ny apr\u00f3 v\u00e1ltoztat\u00e1ssal, amelyek jav\u00edtj\u00e1k az \u00faj sz\u00e9ria teljes\u00edtm\u00e9ny\u00e9t \u00e9s vezet\u00e9si \u00e9lm\u00e9ny\u00e9t. A m\u00e9g felhaszn\u00e1l\u00f3bar\u00e1tabb korm\u00e1ny \u00e9s a l\u00e1bvez\u00e9rl\u0151k t\u00f6k\u00e9letesen kieg\u00e9sz\u00edtik az \u00faj TFT m\u0171szerfal tisztas\u00e1g\u00e1t \u00e9s grafikai elemeit, sz\u00e1mos \u00faj funkci\u00f3val.<\/h3>\n<p><img loading=\"lazy\" decoding=\"async\" class=\"size-medium wp-image-34 aligncenter\" src=\"https:\/\/www.superveloce.hu\/wp-content\/uploads\/2020\/09\/gallerySV1-1-1-300x169.png\" alt=\"\" width=\"300\" height=\"169\" title=\"\" srcset=\"https:\/\/superveloce.hu\/wp-content\/uploads\/2020\/09\/gallerySV1-1-1-300x169.png 300w, https:\/\/superveloce.hu\/wp-content\/uploads\/2020\/09\/gallerySV1-1-1-1024x576.png 1024w, https:\/\/superveloce.hu\/wp-content\/uploads\/2020\/09\/gallerySV1-1-1-768x432.png 768w, https:\/\/superveloce.hu\/wp-content\/uploads\/2020\/09\/gallerySV1-1-1-1536x865.png 1536w, https:\/\/superveloce.hu\/wp-content\/uploads\/2020\/09\/gallerySV1-1-1.png 1922w\" sizes=\"auto, (max-width: 300px) 100vw, 300px\" \/><\/p>\n<h3 style=\"text-align: center;\">A sz\u00e9nsz\u00e1las burkolat egy m\u00e1sodik r\u00e9tegk\u00e9nt tapad a motor \u00e9s a keret eleg\u00e1ns \u00e9s funkcion\u00e1lis form\u00e1ihoz. A Superveloce 800 Serie Oro klasszikus vonalakkal ell\u00e1tott fels\u0151 burkolata a hetvenes \u00e9vek diz\u00e1jnszeml\u00e9let\u00e9nek tiszteleg, amelyet az \u00fcveg f\u00e9nysz\u00f3r\u00f3 emel ki. A f\u00e9nysz\u00f3r\u00f3 \u00e9s a h\u00e1ts\u00f3 l\u00e1mpa egyar\u00e1nt LED: az el\u0151bbi kifinomult ikerfunkci\u00f3s, teljes \u00c9ED-es polyellipsoid\u00e1lis egys\u00e9g. A nappali helyzetjelz\u0151 is LED-es, amely kiv\u00e1l\u00f3an be\u00e9p\u00fcl a m\u0171szerfal burkolat\u00e1ba.<\/h3>\n<p><iframe loading=\"lazy\" title=\"MV Agusta SuperVeloce Serie Oro \ud83d\ude0d - First look review from KNOX\" width=\"525\" height=\"295\" src=\"https:\/\/www.youtube.com\/embed\/izd6Z8qsNHc?feature=oembed\" frameborder=\"0\" allow=\"accelerometer; autoplay; clipboard-write; encrypted-media; gyroscope; picture-in-picture; web-share\" referrerpolicy=\"strict-origin-when-cross-origin\" allowfullscreen><\/iframe><\/p>\n<p><iframe loading=\"lazy\" title=\"MV Agusta Superveloce 800 Serie Oro - Walkthrough\" width=\"525\" height=\"295\" src=\"https:\/\/www.youtube.com\/embed\/Du9KbvUf0oA?feature=oembed\" frameborder=\"0\" allow=\"accelerometer; autoplay; clipboard-write; encrypted-media; gyroscope; picture-in-picture; web-share\" referrerpolicy=\"strict-origin-when-cross-origin\" allowfullscreen><\/iframe><\/p>\n<p>Amennyien szeretne rendelni egy 2021 MV Agusta Superveloce 800 Serie Oro motort, akkor <a href=\"https:\/\/www.motorrendeles.hu\" rel=\"nofollow noopener\" target=\"_blank\"> kattintson ide.<\/a><\/p>\n<p>&nbsp;<\/p>\n<p>&nbsp;<\/p>\n","protected":false},"excerpt":{"rendered":"<p>Az Mv Agusta Superveloce 800 Serie Oro koncepci\u00f3j\u00e1t a 2018-as EICMA-n mutatt\u00e1k be, a 2020-ban gy\u00e1rtand\u00f3 modell el\u0151fut\u00e1rak\u00e9nt. Az egyed\u00fcl\u00e1ll\u00f3 technikai \u00e9s eszt\u00e9tikai tulajdons\u00e1gainak k\u00f6sz\u00f6nhet\u0151en a ker\u00e9kp\u00e1r az egyik legv\u00e1laszt\u00e9kosabb \u00e9s legtrendibb modell lett a t\u00e1rsas\u00e1g t\u00f6rt\u00e9net\u00e9ben.\u00a0 A motort teljes eg\u00e9sz\u00e9ben \u00e1talak\u00edtott\u00e1k a teljes\u00edtm\u00e9ny jav\u00edt\u00e1sa \u00e9rdek\u00e9ben. A kipufog\u00f3rendszer a klasszikus 3 az 1-ben elrendez\u00e9s alapj\u00e1n &hellip; <\/p>\n<p class=\"link-more\"><a href=\"https:\/\/superveloce.hu\/index.php\/2020\/09\/28\/superveloce-800-serie-oro\/\" class=\"more-link\"><span class=\"screen-reader-text\">&#8222;Mv Agusta Superveloce 800 Serie Oro&#8221;<\/span> b\u0151vebben<\/a><\/p>\n","protected":false},"author":5,"featured_media":33,"comment_status":"closed","ping_status":"open","sticky":false,"template":"","format":"standard","meta":{"content-type":"","_jetpack_memberships_contains_paid_content":false,"footnotes":""},"categories":[1],"tags":[],"class_list":["post-32","post","type-post","status-publish","format-standard","has-post-thumbnail","hentry","category-egyeb"],"jetpack_featured_media_url":"https:\/\/superveloce.hu\/wp-content\/uploads\/2020\/09\/gallerySV3-1.png","jetpack_sharing_enabled":true,"_links":{"self":[{"href":"https:\/\/superveloce.hu\/index.php\/wp-json\/wp\/v2\/posts\/32","targetHints":{"allow":["GET"]}}],"collection":[{"href":"https:\/\/superveloce.hu\/index.php\/wp-json\/wp\/v2\/posts"}],"about":[{"href":"https:\/\/superveloce.hu\/index.php\/wp-json\/wp\/v2\/types\/post"}],"author":[{"embeddable":true,"href":"https:\/\/superveloce.hu\/index.php\/wp-json\/wp\/v2\/users\/5"}],"replies":[{"embeddable":true,"href":"https:\/\/superveloce.hu\/index.php\/wp-json\/wp\/v2\/comments?post=32"}],"version-history":[{"count":9,"href":"https:\/\/superveloce.hu\/index.php\/wp-json\/wp\/v2\/posts\/32\/revisions"}],"predecessor-version":[{"id":123,"href":"https:\/\/superveloce.hu\/index.php\/wp-json\/wp\/v2\/posts\/32\/revisions\/123"}],"wp:featuredmedia":[{"embeddable":true,"href":"https:\/\/superveloce.hu\/index.php\/wp-json\/wp\/v2\/media\/33"}],"wp:attachment":[{"href":"https:\/\/superveloce.hu\/index.php\/wp-json\/wp\/v2\/media?parent=32"}],"wp:term":[{"taxonomy":"category","embeddable":true,"href":"https:\/\/superveloce.hu\/index.php\/wp-json\/wp\/v2\/categories?post=32"},{"taxonomy":"post_tag","embeddable":true,"href":"https:\/\/superveloce.hu\/index.php\/wp-json\/wp\/v2\/tags?post=32"}],"curies":[{"name":"wp","href":"https:\/\/api.w.org\/{rel}","templated":true}]}}